{"id":429,"date":"2012-06-19T17:58:36","date_gmt":"2012-06-19T15:58:36","guid":{"rendered":"http:\/\/www.euroempresas.es\/interesante\/?p=429"},"modified":"2012-06-19T17:58:36","modified_gmt":"2012-06-19T15:58:36","slug":"el-desempleo-de-autonomos-no-para","status":"publish","type":"post","link":"http:\/\/www.euroempresas.es\/interesante\/el-desempleo-de-autonomos-no-para\/","title":{"rendered":"El desempleo de aut\u00f3nomos no para"},"content":{"rendered":"<p><a href=\"http:\/\/www.euroempresas.es\/interesante\/el-desempleo-de-autonomos-no-para\/el-desempleo-de-autonomos-no-para\/\" rel=\"attachment wp-att-430\"><img loading=\"lazy\" decoding=\"async\" class=\"alignleft size-medium wp-image-430\" title=\"El desempleo de aut\u00f3nomos no para\" src=\"http:\/\/www.euroempresas.es\/interesante\/wp-content\/uploads\/2012\/06\/El-desempleo-de-aut\u00f3nomos-no-para-300x210.jpg\" alt=\"El desempleo de aut\u00f3nomos no para \" width=\"300\" height=\"210\" srcset=\"http:\/\/www.euroempresas.es\/interesante\/wp-content\/uploads\/2012\/06\/El-desempleo-de-aut\u00f3nomos-no-para-300x210.jpg 300w, http:\/\/www.euroempresas.es\/interesante\/wp-content\/uploads\/2012\/06\/El-desempleo-de-aut\u00f3nomos-no-para.jpg 456w\" sizes=\"(max-width: 300px) 100vw, 300px\" \/><\/a><\/p>\n<p>Pues s\u00ed, los <strong>aut\u00f3nomos<\/strong> tambi\u00e9n van al paro. El pasado a\u00f1o 2011 no fue nefasto s\u00f3lo para los <strong>trabajadores por cuenta ajena<\/strong>, los aut\u00f3nomos tambi\u00e9n han sentido en sus propias carnes esta gran crisis que nos est\u00e1 asolando.<!--more--><\/p>\n<p>Para que nos hagamos una idea, en <strong>2011<\/strong> el balance a nivel de aut\u00f3nomos era negativo en <strong>32.579 bajas<\/strong>, n\u00famero realmente alarmante, y lo peor de todo es que este 2012 no pinta muy all\u00e1, aunque desde la <strong>Federaci\u00f3n Nacional de Aut\u00f3nomos (ATA)<\/strong> han desvelado <strong>datos esperanzadores<\/strong>, en concreto se\u00f1alan que el pasado mes de mayo de 2012 se experiment\u00f3 una mejora tras cuatro largos a\u00f1os de p\u00e9rdidas.<\/p>\n<p>Seg\u00fan ATA, como dec\u00edamos, el mes de mayo se creaban en Espa\u00f1a 120 empresas nuevas as\u00ed como 1.000 puestos de trabajo al d\u00eda. De este modo el paro se situaba al finalizar mayo en 4.714.122 personas, tras bajar en el mes en 30.113 desempleados, con un descenso del \u2013 0,63 por ciento respecto a abril.<\/p>\n<p>Como dec\u00edamos, los aut\u00f3nomos han aumentado por cuarto mes consecutivo y tras cuatro a\u00f1os de p\u00e9rdidas, aumentando de febrero a abril en 240 aut\u00f3nomos m\u00e1s al d\u00eda. Desde febrero de 2008 hasta febrero de 2012 el n\u00famero de aut\u00f3nomo ha experimentado un descenso del 10,4 por ciento, esto es, ha descendido en 352.514. Afortunadamente, en esto \u00faltimos cuatro meses, de febrero a mayo de 2012, han aumentado en 23.283 emprendedores. De este modo, el pasado mes de mayo se registraba un aumento de afiliados de 7.222 (+0,2 %) en el R\u00e9gimen Especial de Trabajadores Aut\u00f3nomos (RETA), hasta alcanzar los 3.064.494 cotizantes, seg\u00fan datos publicados por la Federaci\u00f3n Nacional de Aut\u00f3nomos.<\/p>\n<p>Finalmente indicar que, por Comunidades aut\u00f3nomas, la que m\u00e1s ha destacado ha sido Baleares que en mayo ganaba 2.604 aut\u00f3nomos, un 3,2 por ciento m\u00e1s, poni\u00e9ndose as\u00ed muy por encima de la media nacional y del resto de las regiones espa\u00f1olas. Por otro lado, en el caso de p\u00e9rdidas, s\u00f3lo dos Comunidades aut\u00f3nomas ve\u00edan mermados su n\u00famero de empresarios en los meses de abril a mayo de 2012, siendo estas Asturias (-57 aut\u00f3nomos, un -0.1 %) y Pa\u00eds Vasco (-32 aut\u00f3nomos, un -0.02 %).<\/p>\n","protected":false},"excerpt":{"rendered":"<p>Pues s\u00ed, los aut\u00f3nomos tambi\u00e9n van al paro. El pasado a\u00f1o 2011 no fue nefasto s\u00f3lo para los trabajadores por cuenta ajena, los aut\u00f3nomos tambi\u00e9n han sentido en sus propias carnes esta gran crisis que nos est\u00e1 asolando.<\/p>\n","protected":false},"author":3,"featured_media":0,"comment_status":"open","ping_status":"open","sticky":false,"template":"","format":"standard","meta":{"footnotes":""},"categories":[8,1,9],"tags":[39,38,30,40],"class_list":["post-429","post","type-post","status-publish","format-standard","hentry","category-emprendedores","category-empresas-y-autonomos","category-trabajo","tag-autonomos","tag-desempleo","tag-emprendedores-2","tag-trabajo-2"],"_links":{"self":[{"href":"http:\/\/www.euroempresas.es\/interesante\/wp-json\/wp\/v2\/posts\/429"}],"collection":[{"href":"http:\/\/www.euroempresas.es\/interesante\/wp-json\/wp\/v2\/posts"}],"about":[{"href":"http:\/\/www.euroempresas.es\/interesante\/wp-json\/wp\/v2\/types\/post"}],"author":[{"embeddable":true,"href":"http:\/\/www.euroempresas.es\/interesante\/wp-json\/wp\/v2\/users\/3"}],"replies":[{"embeddable":true,"href":"http:\/\/www.euroempresas.es\/interesante\/wp-json\/wp\/v2\/comments?post=429"}],"version-history":[{"count":7,"href":"http:\/\/www.euroempresas.es\/interesante\/wp-json\/wp\/v2\/posts\/429\/revisions"}],"predecessor-version":[{"id":437,"href":"http:\/\/www.euroempresas.es\/interesante\/wp-json\/wp\/v2\/posts\/429\/revisions\/437"}],"wp:attachment":[{"href":"http:\/\/www.euroempresas.es\/interesante\/wp-json\/wp\/v2\/media?parent=429"}],"wp:term":[{"taxonomy":"category","embeddable":true,"href":"http:\/\/www.euroempresas.es\/interesante\/wp-json\/wp\/v2\/categories?post=429"},{"taxonomy":"post_tag","embeddable":true,"href":"http:\/\/www.euroempresas.es\/interesante\/wp-json\/wp\/v2\/tags?post=429"}],"curies":[{"name":"wp","href":"https:\/\/api.w.org\/{rel}","templated":true}]}}