{"id":304,"date":"2011-12-14T19:29:24","date_gmt":"2011-12-14T18:29:24","guid":{"rendered":"http:\/\/www.euroempresas.es\/interesante\/?p=304"},"modified":"2011-12-14T19:31:43","modified_gmt":"2011-12-14T18:31:43","slug":"trabajadores-enfermedad-mental-reducen-productividad-empresa","status":"publish","type":"post","link":"http:\/\/www.euroempresas.es\/interesante\/trabajadores-enfermedad-mental-reducen-productividad-empresa\/","title":{"rendered":"Los trabajadores con enfermedad mental reducen la productividad de la empresa"},"content":{"rendered":"<p><a rel=\"attachment wp-att-305\" href=\"http:\/\/www.euroempresas.es\/interesante\/trabajadores-enfermedad-mental-reducen-productividad-empresa\/los-trabajadores-con-enfermedad-mental-reducen-la-productividad-de-la-empresa\/\"><img loading=\"lazy\" decoding=\"async\" class=\"alignleft size-medium wp-image-305\" title=\"Los trabajadores con enfermedad mental reducen la productividad de la empresa\" src=\"http:\/\/www.euroempresas.es\/interesante\/wp-content\/uploads\/2011\/12\/Los-trabajadores-con-enfermedad-mental-reducen-la-productividad-de-la-empresa-300x174.jpg\" alt=\"\" width=\"300\" height=\"174\" srcset=\"http:\/\/www.euroempresas.es\/interesante\/wp-content\/uploads\/2011\/12\/Los-trabajadores-con-enfermedad-mental-reducen-la-productividad-de-la-empresa-300x174.jpg 300w, http:\/\/www.euroempresas.es\/interesante\/wp-content\/uploads\/2011\/12\/Los-trabajadores-con-enfermedad-mental-reducen-la-productividad-de-la-empresa.jpg 944w\" sizes=\"(max-width: 300px) 100vw, 300px\" \/><\/a><\/p>\n<p>Seg\u00fan un estudio que publicaba la Organizaci\u00f3n para la Cooperaci\u00f3n y el Desarrollo Econ\u00f3mico (OCDE) el pasado lunes, uno de cada cinco trabajadores padece alguna enfermedad mental, la publicaci\u00f3n alerta adem\u00e1s sobre la incidencia de los problemas mentales en la productividad as\u00ed como en las dificultades del sistema para detectarlos.<!--more--><\/p>\n<p>\u00abLas enfermedades mentales son responsables de una p\u00e9rdida muy significativa de fuerza de trabajo, de altas tasas de desempleo y de una gran incidencia en las bajas por enfermedad y en la reducci\u00f3n de la productividad en el trabajo\u00bb, se\u00f1ala el estudio.<\/p>\n<p>La dificultad de esta realidad radica en que no es sencillo analizar una materia en la que muchos de sus elementos aun no se conocen o no se comprenden, seg\u00fan los expertos de la OCDE, uno de los principales problemas es que en torno al 80 % de los afectados no reciben tratamiento.<\/p>\n<p>Desde la organizaci\u00f3n, con sede en Par\u00eds, aclaran que una de las caracter\u00edsticas comunes que suelen presentar estos enfermos en la empresa es su tasa de absentismo laboral ya que \u00e9sta es superior que la del resto de empleados as\u00ed como de m\u00e1s duraci\u00f3n, no obstante seg\u00fan la entidad, \u201cSin embargo, muchos trabajadores con des\u00f3rdenes mentales no se toman una baja, pero rinden por debajo de sus posibilidades\u201d, lo cual incide directamente en la productividad de la empresa.<\/p>\n<p>El estudio refleja que hasta el 88 % de los trabajadores con problemas mentales reducen parcialmente la productividad de la empresa para la que trabajan y que la mayor\u00eda de los afectados sufren \u00abdes\u00f3rdenes mentales moderados\u00bb, tales como ansiedad o depresi\u00f3n, que muchas veces coexisten.<\/p>\n","protected":false},"excerpt":{"rendered":"<p>Seg\u00fan un estudio que publicaba la Organizaci\u00f3n para la Cooperaci\u00f3n y el Desarrollo Econ\u00f3mico (OCDE) el pasado lunes, uno de cada cinco trabajadores padece alguna enfermedad mental, la publicaci\u00f3n alerta adem\u00e1s sobre la incidencia de los problemas mentales en la productividad as\u00ed como en las dificultades del sistema para detectarlos.<\/p>\n","protected":false},"author":3,"featured_media":0,"comment_status":"open","ping_status":"open","sticky":false,"template":"","format":"standard","meta":{"footnotes":""},"categories":[1,9],"tags":[],"class_list":["post-304","post","type-post","status-publish","format-standard","hentry","category-empresas-y-autonomos","category-trabajo"],"_links":{"self":[{"href":"http:\/\/www.euroempresas.es\/interesante\/wp-json\/wp\/v2\/posts\/304"}],"collection":[{"href":"http:\/\/www.euroempresas.es\/interesante\/wp-json\/wp\/v2\/posts"}],"about":[{"href":"http:\/\/www.euroempresas.es\/interesante\/wp-json\/wp\/v2\/types\/post"}],"author":[{"embeddable":true,"href":"http:\/\/www.euroempresas.es\/interesante\/wp-json\/wp\/v2\/users\/3"}],"replies":[{"embeddable":true,"href":"http:\/\/www.euroempresas.es\/interesante\/wp-json\/wp\/v2\/comments?post=304"}],"version-history":[{"count":11,"href":"http:\/\/www.euroempresas.es\/interesante\/wp-json\/wp\/v2\/posts\/304\/revisions"}],"predecessor-version":[{"id":316,"href":"http:\/\/www.euroempresas.es\/interesante\/wp-json\/wp\/v2\/posts\/304\/revisions\/316"}],"wp:attachment":[{"href":"http:\/\/www.euroempresas.es\/interesante\/wp-json\/wp\/v2\/media?parent=304"}],"wp:term":[{"taxonomy":"category","embeddable":true,"href":"http:\/\/www.euroempresas.es\/interesante\/wp-json\/wp\/v2\/categories?post=304"},{"taxonomy":"post_tag","embeddable":true,"href":"http:\/\/www.euroempresas.es\/interesante\/wp-json\/wp\/v2\/tags?post=304"}],"curies":[{"name":"wp","href":"https:\/\/api.w.org\/{rel}","templated":true}]}}