{"id":263,"date":"2011-11-28T17:46:40","date_gmt":"2011-11-28T16:46:40","guid":{"rendered":"http:\/\/www.euroempresas.es\/interesante\/?p=263"},"modified":"2011-11-28T17:46:41","modified_gmt":"2011-11-28T16:46:41","slug":"las-empresas-crearan-un-7-menos-de-empleo-durante-esta-campana-de-navidad","status":"publish","type":"post","link":"http:\/\/www.euroempresas.es\/interesante\/las-empresas-crearan-un-7-menos-de-empleo-durante-esta-campana-de-navidad\/","title":{"rendered":"Las empresas crear\u00e1n un 7% menos de empleo durante esta campa\u00f1a de Navidad"},"content":{"rendered":"<p><a rel=\"attachment wp-att-264\" href=\"http:\/\/www.euroempresas.es\/interesante\/las-empresas-crearan-un-7-menos-de-empleo-durante-esta-campana-de-navidad\/menos-trabajo-en-navidad\/\"><img loading=\"lazy\" decoding=\"async\" class=\"alignleft size-medium wp-image-264\" title=\"Menos trabajo en Navidad\" src=\"http:\/\/www.euroempresas.es\/interesante\/wp-content\/uploads\/2011\/11\/Menos-trabajo-en-Navidad-300x220.jpg\" alt=\"\" width=\"300\" height=\"220\" srcset=\"http:\/\/www.euroempresas.es\/interesante\/wp-content\/uploads\/2011\/11\/Menos-trabajo-en-Navidad-300x220.jpg 300w, http:\/\/www.euroempresas.es\/interesante\/wp-content\/uploads\/2011\/11\/Menos-trabajo-en-Navidad.jpeg 640w\" sizes=\"(max-width: 300px) 100vw, 300px\" \/><\/a><\/p>\n<p>No coger\u00e1 a nadie por sorpresa las previsiones que vaticina la compa\u00f1\u00eda de gesti\u00f3n de recursos humanos Randstad en cuanto a la pr\u00f3xima campa\u00f1a de Navidad. Exactamente esta empresa deduce que durante la misma se generar\u00e1n 350.000 contratos en Espa\u00f1a, esto es, un 7 % menos que el a\u00f1o pasado, que en 2010.<!--more--><\/p>\n<p>Esta empresa se\u00f1ala adem\u00e1s que la campa\u00f1a de este a\u00f1o se ha retrasado en comparaci\u00f3n con la de otros a\u00f1os, ya que seg\u00fan la firma \u201clas empresas han concentrado su contrataci\u00f3n desde mediados de noviembre con la expectativa de acabar a principios de enero\u201d. Como ejemplos, Randstad hace referencia a los puestos vinculados con el sector comercial, que van desde el lunes 28 de noviembre hasta el s\u00e1bado 7 de enero.<\/p>\n<p>Seg\u00fan la empresa, el perfil de los demandantes de este tipo de trabajos suelen ser varones de entre 25 a 35 a\u00f1os de edad con estudios secundarios, \u201cpues tradicionalmente los empleados de la campa\u00f1a de Navidad son j\u00f3venes estudiantes que aprovechan este periodo de tiempo para conseguir experiencia laboral y un dinero extra\u201d, explicaba la firma.<\/p>\n<p>La principal demanda del mercado laboral para esta \u00e9poca del a\u00f1o se centrar\u00e1 \u201cespecialmente\u201d en el comercio y la gran distribuci\u00f3n, en la industria de la alimentaci\u00f3n y bebidas, el transporte y la log\u00edstica, la hosteler\u00eda y restauraci\u00f3n, el ocio y las empresas de turismo. A todo ello la empresa a\u00f1ade que los puestos de trabajo para la campa\u00f1a de Navidad \u201ctienen m\u00e1s posibilidades de convertirse en indefinidos\u201d.<\/p>\n","protected":false},"excerpt":{"rendered":"<p>No coger\u00e1 a nadie por sorpresa las previsiones que vaticina la compa\u00f1\u00eda de gesti\u00f3n de recursos humanos Randstad en cuanto a la pr\u00f3xima campa\u00f1a de Navidad. Exactamente esta empresa deduce que durante la misma se generar\u00e1n 350.000 contratos en Espa\u00f1a, esto es, un 7 % menos que el a\u00f1o pasado, que en 2010.<\/p>\n","protected":false},"author":3,"featured_media":0,"comment_status":"open","ping_status":"open","sticky":false,"template":"","format":"standard","meta":{"footnotes":""},"categories":[9],"tags":[],"class_list":["post-263","post","type-post","status-publish","format-standard","hentry","category-trabajo"],"_links":{"self":[{"href":"http:\/\/www.euroempresas.es\/interesante\/wp-json\/wp\/v2\/posts\/263"}],"collection":[{"href":"http:\/\/www.euroempresas.es\/interesante\/wp-json\/wp\/v2\/posts"}],"about":[{"href":"http:\/\/www.euroempresas.es\/interesante\/wp-json\/wp\/v2\/types\/post"}],"author":[{"embeddable":true,"href":"http:\/\/www.euroempresas.es\/interesante\/wp-json\/wp\/v2\/users\/3"}],"replies":[{"embeddable":true,"href":"http:\/\/www.euroempresas.es\/interesante\/wp-json\/wp\/v2\/comments?post=263"}],"version-history":[{"count":5,"href":"http:\/\/www.euroempresas.es\/interesante\/wp-json\/wp\/v2\/posts\/263\/revisions"}],"predecessor-version":[{"id":269,"href":"http:\/\/www.euroempresas.es\/interesante\/wp-json\/wp\/v2\/posts\/263\/revisions\/269"}],"wp:attachment":[{"href":"http:\/\/www.euroempresas.es\/interesante\/wp-json\/wp\/v2\/media?parent=263"}],"wp:term":[{"taxonomy":"category","embeddable":true,"href":"http:\/\/www.euroempresas.es\/interesante\/wp-json\/wp\/v2\/categories?post=263"},{"taxonomy":"post_tag","embeddable":true,"href":"http:\/\/www.euroempresas.es\/interesante\/wp-json\/wp\/v2\/tags?post=263"}],"curies":[{"name":"wp","href":"https:\/\/api.w.org\/{rel}","templated":true}]}}