{"id":215,"date":"2011-11-03T19:29:30","date_gmt":"2011-11-03T18:29:30","guid":{"rendered":"http:\/\/www.euroempresas.es\/interesante\/?p=215"},"modified":"2011-11-05T05:31:14","modified_gmt":"2011-11-05T04:31:14","slug":"4-361-000-desempleados-ya-un-octubre-mas-rojo","status":"publish","type":"post","link":"http:\/\/www.euroempresas.es\/interesante\/4-361-000-desempleados-ya-un-octubre-mas-rojo\/","title":{"rendered":"4.361.000 desempleados ya. Un Octubre mas rojo."},"content":{"rendered":"<p><a onclick=\"javascript:_gaq.push(['_trackPageview', '\/download\/interesante\/wp-content\/uploads\/2011\/11\/cid_image001_jpg@01CA05561.jpg']);\"  href=\"http:\/\/www.euroempresas.es\/interesante\/wp-content\/uploads\/2011\/11\/cid_image001_jpg@01CA05561.jpg\"><img loading=\"lazy\" decoding=\"async\" class=\"alignleft size-full wp-image-216\" title=\"4.361.000 desempleados ya. Un Octubre mas rojo.\" src=\"http:\/\/www.euroempresas.es\/interesante\/wp-content\/uploads\/2011\/11\/cid_image001_jpg@01CA05561.jpg\" alt=\"\" width=\"246\" height=\"244\" srcset=\"http:\/\/www.euroempresas.es\/interesante\/wp-content\/uploads\/2011\/11\/cid_image001_jpg@01CA05561.jpg 246w, http:\/\/www.euroempresas.es\/interesante\/wp-content\/uploads\/2011\/11\/cid_image001_jpg@01CA05561-150x150.jpg 150w\" sizes=\"(max-width: 246px) 100vw, 246px\" \/><\/a> El mes de Octubre ademas de\u00a0dejarnos las lluvias, nos deja tambi\u00e9n mas de 134.000 personas en situacion de desempleo.<\/p>\n<p>En Espa\u00f1a ya hemos alcanzado la cifra de 4.361.000 personas registradas como demandantes de trabajo. Octubre, siempre ha sido un mes malo para el empleo debido a la finalizaci\u00f3n de los contratos de verano, pero el Octubre de este a\u00f1o es el segundo mayor registrado de todos desde 1996.<\/p>\n<p>Las estad\u00edsticas que nos proporciona el Instituto Nacional de Estad\u00edstica (INE) son incluso peores que las aportadas por el Ministro de Trabajo, Valeriano Gomez; segun sus palabras estas cifras de paro \u00abnos retrotraen al inicio de la crisis\u00bb.<!--more--><\/p>\n<p>En total nos encontramos con 4.980.000 personas sin ning\u00fan tipo de empleo al acabar el tercer trimestre de este a\u00f1o, exactamente un 21,52%, datos recogidos de la Encuesta de Poblaci\u00f3n Activa &#8211; EPA.<\/p>\n<p>Los sectores que m\u00e1s aumentaron el desempleo en el mes de Octubre fueron los de Agricultura, Construcci\u00f3n, Industria y como no, el sector que m\u00e1s aument\u00f3 fue el de Servicios, debido a los empleos vacacionales:<\/p>\n<ul>\n<li>Sector Servicios &#8211; 85.400 personas desempleadas.<\/li>\n<li>Sector Agr\u00edcola &#8211; 16.776<\/li>\n<li>Sector Construcci\u00f3n &#8211; 13.944<\/li>\n<li>Sector Industria &#8211;\u00a012.572<\/li>\n<\/ul>\n<p>El Banco de Espa\u00f1a se ha postulado a la vista de tales datos, que son una muy mala noticia para un Gobierno que est\u00e1 intentando reducir el d\u00e9ficit p\u00fablico.<\/p>\n<p>Estos datos de desempleo se suman al temor por parte de los inversores de que Espa\u00f1a pueda ser la siguiente en ser rescatada econ\u00f3micamente al igual que Grecia e Irlanda.<\/p>\n","protected":false},"excerpt":{"rendered":"<p>El mes de Octubre ademas de\u00a0dejarnos las lluvias, nos deja tambi\u00e9n mas de 134.000 personas en situacion de desempleo. En Espa\u00f1a ya hemos alcanzado la cifra de 4.361.000 personas registradas como demandantes de trabajo. Octubre, siempre ha sido un mes malo para el empleo debido a la finalizaci\u00f3n de los contratos de verano, pero el [&hellip;]<\/p>\n","protected":false},"author":2,"featured_media":0,"comment_status":"open","ping_status":"open","sticky":false,"template":"","format":"standard","meta":{"footnotes":""},"categories":[9],"tags":[],"class_list":["post-215","post","type-post","status-publish","format-standard","hentry","category-trabajo"],"_links":{"self":[{"href":"http:\/\/www.euroempresas.es\/interesante\/wp-json\/wp\/v2\/posts\/215"}],"collection":[{"href":"http:\/\/www.euroempresas.es\/interesante\/wp-json\/wp\/v2\/posts"}],"about":[{"href":"http:\/\/www.euroempresas.es\/interesante\/wp-json\/wp\/v2\/types\/post"}],"author":[{"embeddable":true,"href":"http:\/\/www.euroempresas.es\/interesante\/wp-json\/wp\/v2\/users\/2"}],"replies":[{"embeddable":true,"href":"http:\/\/www.euroempresas.es\/interesante\/wp-json\/wp\/v2\/comments?post=215"}],"version-history":[{"count":4,"href":"http:\/\/www.euroempresas.es\/interesante\/wp-json\/wp\/v2\/posts\/215\/revisions"}],"predecessor-version":[{"id":219,"href":"http:\/\/www.euroempresas.es\/interesante\/wp-json\/wp\/v2\/posts\/215\/revisions\/219"}],"wp:attachment":[{"href":"http:\/\/www.euroempresas.es\/interesante\/wp-json\/wp\/v2\/media?parent=215"}],"wp:term":[{"taxonomy":"category","embeddable":true,"href":"http:\/\/www.euroempresas.es\/interesante\/wp-json\/wp\/v2\/categories?post=215"},{"taxonomy":"post_tag","embeddable":true,"href":"http:\/\/www.euroempresas.es\/interesante\/wp-json\/wp\/v2\/tags?post=215"}],"curies":[{"name":"wp","href":"https:\/\/api.w.org\/{rel}","templated":true}]}}